{"id":25797,"date":"2023-09-20T14:48:17","date_gmt":"2023-09-20T12:48:17","guid":{"rendered":"https:\/\/www.zeltwanger.de\/?p=25797"},"modified":"2023-09-20T14:48:17","modified_gmt":"2023-09-20T12:48:17","slug":"staatssekretaer-zu-gast-am-hy-fcell-stand","status":"publish","type":"post","link":"https:\/\/www.zeltwanger.de\/de\/staatssekretaer-zu-gast-am-hy-fcell-stand\/","title":{"rendered":"Staatssekret\u00e4r zu Gast am HY-FCELL-Stand"},"content":{"rendered":"<p>Messe Stuttgart, 13. \u2013 14. September 2023<\/p>\n<p>Im Rahmen eines politischen Rundgangs auf der hy-fcell, einer Fachmesse und Konferenz f\u00fcr die Brennstoffzellenbranche, informierte sich der baden-w\u00fcrttembergische Staatssekret\u00e4r Dr. Patrick Rapp vom Ministerium f\u00fcr Wirtschaft, Arbeit und Tourismus sowie seine Delegation an unserem GFC-Gemeinschaftsstand \u00fcber die effiziente Herstellung metallischer Bipolarplatten. Die hy-fcell war f\u00fcr die German Fuel Cell Cooperation (GFC) eine sehr gefragte Pr\u00e4sentationsfl\u00e4che.<\/p>\n","protected":false},"excerpt":{"rendered":"<p>Viele Fachbesucher und der baden-w\u00fcrttembergische Staatssekret\u00e4r Dr. Patrick Rapp haben sich an unserem GFC-Stand \u00fcber die effiziente Herstellung von Bipolarplatten informiert.<\/p>\n","protected":false},"author":22,"featured_media":25799,"comment_status":"closed","ping_status":"closed","sticky":false,"template":"","format":"standard","meta":{"_acf_changed":false,"footnotes":""},"categories":[17],"tags":[],"class_list":["post-25797","post","type-post","status-publish","format-standard","has-post-thumbnail","hentry","category-news"],"acf":[],"yoast_head":"<!-- This site is optimized with the Yoast SEO plugin v27.5 - https:\/\/yoast.com\/product\/yoast-seo-wordpress\/ -->\n<title>Staatssekret\u00e4r zu Gast am HY-FCELL-Stand | ZELTWANGER<\/title>\n<meta name=\"robots\" content=\"index, follow, max-snippet:-1, max-image-preview:large, max-video-preview:-1\" \/>\n<link rel=\"canonical\" href=\"https:\/\/www.zeltwanger.de\/de\/staatssekretaer-zu-gast-am-hy-fcell-stand\/\" \/>\n<meta property=\"og:locale\" content=\"de_DE\" \/>\n<meta property=\"og:type\" content=\"article\" \/>\n<meta property=\"og:title\" content=\"Staatssekret\u00e4r zu Gast am HY-FCELL-Stand | ZELTWANGER\" \/>\n<meta property=\"og:description\" content=\"Viele Fachbesucher und der baden-w\u00fcrttembergische Staatssekret\u00e4r Dr. Patrick Rapp haben sich an unserem GFC-Stand \u00fcber die effiziente Herstellung von Bipolarplatten informiert.\" \/>\n<meta property=\"og:url\" content=\"https:\/\/www.zeltwanger.de\/de\/staatssekretaer-zu-gast-am-hy-fcell-stand\/\" \/>\n<meta property=\"og:site_name\" content=\"ZELTWANGER\" \/>\n<meta property=\"article:publisher\" content=\"https:\/\/www.facebook.com\/zeltwanger.karriere\/\" \/>\n<meta property=\"article:published_time\" content=\"2023-09-20T12:48:17+00:00\" \/>\n<meta property=\"og:image\" content=\"https:\/\/www.zeltwanger.de\/app\/uploads\/2023\/09\/GFC_Story_Banner_fcell.png\" \/>\n\t<meta property=\"og:image:width\" content=\"1024\" \/>\n\t<meta property=\"og:image:height\" content=\"371\" \/>\n\t<meta property=\"og:image:type\" content=\"image\/png\" \/>\n<meta name=\"author\" content=\"Benjamin Rilling\" \/>\n<meta name=\"twitter:card\" content=\"summary_large_image\" \/>\n<meta name=\"twitter:label1\" content=\"Verfasst von\" \/>\n\t<meta name=\"twitter:data1\" content=\"Benjamin Rilling\" \/>\n\t<meta name=\"twitter:label2\" content=\"Gesch\u00e4tzte Lesezeit\" \/>\n\t<meta name=\"twitter:data2\" content=\"1\u00a0Minute\" \/>\n<script type=\"application\/ld+json\" class=\"yoast-schema-graph\">{\"@context\":\"https:\\\/\\\/schema.org\",\"@graph\":[{\"@type\":\"Article\",\"@id\":\"https:\\\/\\\/www.zeltwanger.de\\\/de\\\/staatssekretaer-zu-gast-am-hy-fcell-stand\\\/#article\",\"isPartOf\":{\"@id\":\"https:\\\/\\\/www.zeltwanger.de\\\/de\\\/staatssekretaer-zu-gast-am-hy-fcell-stand\\\/\"},\"author\":{\"name\":\"Benjamin Rilling\",\"@id\":\"https:\\\/\\\/www.zeltwanger.de\\\/de\\\/#\\\/schema\\\/person\\\/16f5d6d6b4d3c1a3fb4a54704fe5db26\"},\"headline\":\"Staatssekret\u00e4r zu Gast am HY-FCELL-Stand\",\"datePublished\":\"2023-09-20T12:48:17+00:00\",\"mainEntityOfPage\":{\"@id\":\"https:\\\/\\\/www.zeltwanger.de\\\/de\\\/staatssekretaer-zu-gast-am-hy-fcell-stand\\\/\"},\"wordCount\":72,\"publisher\":{\"@id\":\"https:\\\/\\\/www.zeltwanger.de\\\/de\\\/#organization\"},\"image\":{\"@id\":\"https:\\\/\\\/www.zeltwanger.de\\\/de\\\/staatssekretaer-zu-gast-am-hy-fcell-stand\\\/#primaryimage\"},\"thumbnailUrl\":\"https:\\\/\\\/www.zeltwanger.de\\\/app\\\/uploads\\\/2023\\\/09\\\/GFC_Story_Banner_fcell.png\",\"articleSection\":[\"Aktuelles\"],\"inLanguage\":\"de\"},{\"@type\":\"WebPage\",\"@id\":\"https:\\\/\\\/www.zeltwanger.de\\\/de\\\/staatssekretaer-zu-gast-am-hy-fcell-stand\\\/\",\"url\":\"https:\\\/\\\/www.zeltwanger.de\\\/de\\\/staatssekretaer-zu-gast-am-hy-fcell-stand\\\/\",\"name\":\"Staatssekret\u00e4r zu Gast am HY-FCELL-Stand | ZELTWANGER\",\"isPartOf\":{\"@id\":\"https:\\\/\\\/www.zeltwanger.de\\\/de\\\/#website\"},\"primaryImageOfPage\":{\"@id\":\"https:\\\/\\\/www.zeltwanger.de\\\/de\\\/staatssekretaer-zu-gast-am-hy-fcell-stand\\\/#primaryimage\"},\"image\":{\"@id\":\"https:\\\/\\\/www.zeltwanger.de\\\/de\\\/staatssekretaer-zu-gast-am-hy-fcell-stand\\\/#primaryimage\"},\"thumbnailUrl\":\"https:\\\/\\\/www.zeltwanger.de\\\/app\\\/uploads\\\/2023\\\/09\\\/GFC_Story_Banner_fcell.png\",\"datePublished\":\"2023-09-20T12:48:17+00:00\",\"breadcrumb\":{\"@id\":\"https:\\\/\\\/www.zeltwanger.de\\\/de\\\/staatssekretaer-zu-gast-am-hy-fcell-stand\\\/#breadcrumb\"},\"inLanguage\":\"de\",\"potentialAction\":[{\"@type\":\"ReadAction\",\"target\":[\"https:\\\/\\\/www.zeltwanger.de\\\/de\\\/staatssekretaer-zu-gast-am-hy-fcell-stand\\\/\"]}]},{\"@type\":\"ImageObject\",\"inLanguage\":\"de\",\"@id\":\"https:\\\/\\\/www.zeltwanger.de\\\/de\\\/staatssekretaer-zu-gast-am-hy-fcell-stand\\\/#primaryimage\",\"url\":\"https:\\\/\\\/www.zeltwanger.de\\\/app\\\/uploads\\\/2023\\\/09\\\/GFC_Story_Banner_fcell.png\",\"contentUrl\":\"https:\\\/\\\/www.zeltwanger.de\\\/app\\\/uploads\\\/2023\\\/09\\\/GFC_Story_Banner_fcell.png\",\"width\":1024,\"height\":371},{\"@type\":\"BreadcrumbList\",\"@id\":\"https:\\\/\\\/www.zeltwanger.de\\\/de\\\/staatssekretaer-zu-gast-am-hy-fcell-stand\\\/#breadcrumb\",\"itemListElement\":[{\"@type\":\"ListItem\",\"position\":1,\"name\":\"Home\",\"item\":\"https:\\\/\\\/www.zeltwanger.de\\\/de\\\/\"},{\"@type\":\"ListItem\",\"position\":2,\"name\":\"Staatssekret\u00e4r zu Gast am HY-FCELL-Stand\"}]},{\"@type\":\"WebSite\",\"@id\":\"https:\\\/\\\/www.zeltwanger.de\\\/de\\\/#website\",\"url\":\"https:\\\/\\\/www.zeltwanger.de\\\/de\\\/\",\"name\":\"ZELTWANGER\",\"description\":\"Innovation aus Freude an Technik\",\"publisher\":{\"@id\":\"https:\\\/\\\/www.zeltwanger.de\\\/de\\\/#organization\"},\"potentialAction\":[{\"@type\":\"SearchAction\",\"target\":{\"@type\":\"EntryPoint\",\"urlTemplate\":\"https:\\\/\\\/www.zeltwanger.de\\\/de\\\/?s={search_term_string}\"},\"query-input\":{\"@type\":\"PropertyValueSpecification\",\"valueRequired\":true,\"valueName\":\"search_term_string\"}}],\"inLanguage\":\"de\"},{\"@type\":\"Organization\",\"@id\":\"https:\\\/\\\/www.zeltwanger.de\\\/de\\\/#organization\",\"name\":\"ZELTWANGER\",\"url\":\"https:\\\/\\\/www.zeltwanger.de\\\/de\\\/\",\"logo\":{\"@type\":\"ImageObject\",\"inLanguage\":\"de\",\"@id\":\"https:\\\/\\\/www.zeltwanger.de\\\/de\\\/#\\\/schema\\\/logo\\\/image\\\/\",\"url\":\"https:\\\/\\\/www.zeltwanger.de\\\/app\\\/uploads\\\/2024\\\/03\\\/ZELTWANGER-Maennchen_nebeneinander_RGB_Screen_quadratisch_klein-e1710331495893.jpg\",\"contentUrl\":\"https:\\\/\\\/www.zeltwanger.de\\\/app\\\/uploads\\\/2024\\\/03\\\/ZELTWANGER-Maennchen_nebeneinander_RGB_Screen_quadratisch_klein-e1710331495893.jpg\",\"width\":144,\"height\":144,\"caption\":\"ZELTWANGER\"},\"image\":{\"@id\":\"https:\\\/\\\/www.zeltwanger.de\\\/de\\\/#\\\/schema\\\/logo\\\/image\\\/\"},\"sameAs\":[\"https:\\\/\\\/www.facebook.com\\\/zeltwanger.karriere\\\/\",\"https:\\\/\\\/www.linkedin.com\\\/company\\\/11844117\\\/\"]},{\"@type\":\"Person\",\"@id\":\"https:\\\/\\\/www.zeltwanger.de\\\/de\\\/#\\\/schema\\\/person\\\/16f5d6d6b4d3c1a3fb4a54704fe5db26\",\"name\":\"Benjamin Rilling\",\"image\":{\"@type\":\"ImageObject\",\"inLanguage\":\"de\",\"@id\":\"https:\\\/\\\/secure.gravatar.com\\\/avatar\\\/464f2708833f0698ba600d02a8a8adf76ad069e9ee1a7450ffed1543ef091dc0?s=96&d=mm&r=g\",\"url\":\"https:\\\/\\\/secure.gravatar.com\\\/avatar\\\/464f2708833f0698ba600d02a8a8adf76ad069e9ee1a7450ffed1543ef091dc0?s=96&d=mm&r=g\",\"contentUrl\":\"https:\\\/\\\/secure.gravatar.com\\\/avatar\\\/464f2708833f0698ba600d02a8a8adf76ad069e9ee1a7450ffed1543ef091dc0?s=96&d=mm&r=g\",\"caption\":\"Benjamin Rilling\"},\"url\":\"https:\\\/\\\/www.zeltwanger.de\\\/de\\\/author\\\/benjamin-rilling\\\/\"}]}<\/script>\n<!-- \/ Yoast SEO plugin. -->","yoast_head_json":{"title":"Staatssekret\u00e4r zu Gast am HY-FCELL-Stand | ZELTWANGER","robots":{"index":"index","follow":"follow","max-snippet":"max-snippet:-1","max-image-preview":"max-image-preview:large","max-video-preview":"max-video-preview:-1"},"canonical":"https:\/\/www.zeltwanger.de\/de\/staatssekretaer-zu-gast-am-hy-fcell-stand\/","og_locale":"de_DE","og_type":"article","og_title":"Staatssekret\u00e4r zu Gast am HY-FCELL-Stand | ZELTWANGER","og_description":"Viele Fachbesucher und der baden-w\u00fcrttembergische Staatssekret\u00e4r Dr. Patrick Rapp haben sich an unserem GFC-Stand \u00fcber die effiziente Herstellung von Bipolarplatten informiert.","og_url":"https:\/\/www.zeltwanger.de\/de\/staatssekretaer-zu-gast-am-hy-fcell-stand\/","og_site_name":"ZELTWANGER","article_publisher":"https:\/\/www.facebook.com\/zeltwanger.karriere\/","article_published_time":"2023-09-20T12:48:17+00:00","og_image":[{"width":1024,"height":371,"url":"https:\/\/www.zeltwanger.de\/app\/uploads\/2023\/09\/GFC_Story_Banner_fcell.png","type":"image\/png"}],"author":"Benjamin Rilling","twitter_card":"summary_large_image","twitter_misc":{"Verfasst von":"Benjamin Rilling","Gesch\u00e4tzte Lesezeit":"1\u00a0Minute"},"schema":{"@context":"https:\/\/schema.org","@graph":[{"@type":"Article","@id":"https:\/\/www.zeltwanger.de\/de\/staatssekretaer-zu-gast-am-hy-fcell-stand\/#article","isPartOf":{"@id":"https:\/\/www.zeltwanger.de\/de\/staatssekretaer-zu-gast-am-hy-fcell-stand\/"},"author":{"name":"Benjamin Rilling","@id":"https:\/\/www.zeltwanger.de\/de\/#\/schema\/person\/16f5d6d6b4d3c1a3fb4a54704fe5db26"},"headline":"Staatssekret\u00e4r zu Gast am HY-FCELL-Stand","datePublished":"2023-09-20T12:48:17+00:00","mainEntityOfPage":{"@id":"https:\/\/www.zeltwanger.de\/de\/staatssekretaer-zu-gast-am-hy-fcell-stand\/"},"wordCount":72,"publisher":{"@id":"https:\/\/www.zeltwanger.de\/de\/#organization"},"image":{"@id":"https:\/\/www.zeltwanger.de\/de\/staatssekretaer-zu-gast-am-hy-fcell-stand\/#primaryimage"},"thumbnailUrl":"https:\/\/www.zeltwanger.de\/app\/uploads\/2023\/09\/GFC_Story_Banner_fcell.png","articleSection":["Aktuelles"],"inLanguage":"de"},{"@type":"WebPage","@id":"https:\/\/www.zeltwanger.de\/de\/staatssekretaer-zu-gast-am-hy-fcell-stand\/","url":"https:\/\/www.zeltwanger.de\/de\/staatssekretaer-zu-gast-am-hy-fcell-stand\/","name":"Staatssekret\u00e4r zu Gast am HY-FCELL-Stand | ZELTWANGER","isPartOf":{"@id":"https:\/\/www.zeltwanger.de\/de\/#website"},"primaryImageOfPage":{"@id":"https:\/\/www.zeltwanger.de\/de\/staatssekretaer-zu-gast-am-hy-fcell-stand\/#primaryimage"},"image":{"@id":"https:\/\/www.zeltwanger.de\/de\/staatssekretaer-zu-gast-am-hy-fcell-stand\/#primaryimage"},"thumbnailUrl":"https:\/\/www.zeltwanger.de\/app\/uploads\/2023\/09\/GFC_Story_Banner_fcell.png","datePublished":"2023-09-20T12:48:17+00:00","breadcrumb":{"@id":"https:\/\/www.zeltwanger.de\/de\/staatssekretaer-zu-gast-am-hy-fcell-stand\/#breadcrumb"},"inLanguage":"de","potentialAction":[{"@type":"ReadAction","target":["https:\/\/www.zeltwanger.de\/de\/staatssekretaer-zu-gast-am-hy-fcell-stand\/"]}]},{"@type":"ImageObject","inLanguage":"de","@id":"https:\/\/www.zeltwanger.de\/de\/staatssekretaer-zu-gast-am-hy-fcell-stand\/#primaryimage","url":"https:\/\/www.zeltwanger.de\/app\/uploads\/2023\/09\/GFC_Story_Banner_fcell.png","contentUrl":"https:\/\/www.zeltwanger.de\/app\/uploads\/2023\/09\/GFC_Story_Banner_fcell.png","width":1024,"height":371},{"@type":"BreadcrumbList","@id":"https:\/\/www.zeltwanger.de\/de\/staatssekretaer-zu-gast-am-hy-fcell-stand\/#breadcrumb","itemListElement":[{"@type":"ListItem","position":1,"name":"Home","item":"https:\/\/www.zeltwanger.de\/de\/"},{"@type":"ListItem","position":2,"name":"Staatssekret\u00e4r zu Gast am HY-FCELL-Stand"}]},{"@type":"WebSite","@id":"https:\/\/www.zeltwanger.de\/de\/#website","url":"https:\/\/www.zeltwanger.de\/de\/","name":"ZELTWANGER","description":"Innovation aus Freude an Technik","publisher":{"@id":"https:\/\/www.zeltwanger.de\/de\/#organization"},"potentialAction":[{"@type":"SearchAction","target":{"@type":"EntryPoint","urlTemplate":"https:\/\/www.zeltwanger.de\/de\/?s={search_term_string}"},"query-input":{"@type":"PropertyValueSpecification","valueRequired":true,"valueName":"search_term_string"}}],"inLanguage":"de"},{"@type":"Organization","@id":"https:\/\/www.zeltwanger.de\/de\/#organization","name":"ZELTWANGER","url":"https:\/\/www.zeltwanger.de\/de\/","logo":{"@type":"ImageObject","inLanguage":"de","@id":"https:\/\/www.zeltwanger.de\/de\/#\/schema\/logo\/image\/","url":"https:\/\/www.zeltwanger.de\/app\/uploads\/2024\/03\/ZELTWANGER-Maennchen_nebeneinander_RGB_Screen_quadratisch_klein-e1710331495893.jpg","contentUrl":"https:\/\/www.zeltwanger.de\/app\/uploads\/2024\/03\/ZELTWANGER-Maennchen_nebeneinander_RGB_Screen_quadratisch_klein-e1710331495893.jpg","width":144,"height":144,"caption":"ZELTWANGER"},"image":{"@id":"https:\/\/www.zeltwanger.de\/de\/#\/schema\/logo\/image\/"},"sameAs":["https:\/\/www.facebook.com\/zeltwanger.karriere\/","https:\/\/www.linkedin.com\/company\/11844117\/"]},{"@type":"Person","@id":"https:\/\/www.zeltwanger.de\/de\/#\/schema\/person\/16f5d6d6b4d3c1a3fb4a54704fe5db26","name":"Benjamin Rilling","image":{"@type":"ImageObject","inLanguage":"de","@id":"https:\/\/secure.gravatar.com\/avatar\/464f2708833f0698ba600d02a8a8adf76ad069e9ee1a7450ffed1543ef091dc0?s=96&d=mm&r=g","url":"https:\/\/secure.gravatar.com\/avatar\/464f2708833f0698ba600d02a8a8adf76ad069e9ee1a7450ffed1543ef091dc0?s=96&d=mm&r=g","contentUrl":"https:\/\/secure.gravatar.com\/avatar\/464f2708833f0698ba600d02a8a8adf76ad069e9ee1a7450ffed1543ef091dc0?s=96&d=mm&r=g","caption":"Benjamin Rilling"},"url":"https:\/\/www.zeltwanger.de\/de\/author\/benjamin-rilling\/"}]}},"_links":{"self":[{"href":"https:\/\/www.zeltwanger.de\/de\/wp-json\/wp\/v2\/posts\/25797","targetHints":{"allow":["GET"]}}],"collection":[{"href":"https:\/\/www.zeltwanger.de\/de\/wp-json\/wp\/v2\/posts"}],"about":[{"href":"https:\/\/www.zeltwanger.de\/de\/wp-json\/wp\/v2\/types\/post"}],"author":[{"embeddable":true,"href":"https:\/\/www.zeltwanger.de\/de\/wp-json\/wp\/v2\/users\/22"}],"replies":[{"embeddable":true,"href":"https:\/\/www.zeltwanger.de\/de\/wp-json\/wp\/v2\/comments?post=25797"}],"version-history":[{"count":2,"href":"https:\/\/www.zeltwanger.de\/de\/wp-json\/wp\/v2\/posts\/25797\/revisions"}],"predecessor-version":[{"id":25802,"href":"https:\/\/www.zeltwanger.de\/de\/wp-json\/wp\/v2\/posts\/25797\/revisions\/25802"}],"wp:featuredmedia":[{"embeddable":true,"href":"https:\/\/www.zeltwanger.de\/de\/wp-json\/wp\/v2\/media\/25799"}],"wp:attachment":[{"href":"https:\/\/www.zeltwanger.de\/de\/wp-json\/wp\/v2\/media?parent=25797"}],"wp:term":[{"taxonomy":"category","embeddable":true,"href":"https:\/\/www.zeltwanger.de\/de\/wp-json\/wp\/v2\/categories?post=25797"},{"taxonomy":"post_tag","embeddable":true,"href":"https:\/\/www.zeltwanger.de\/de\/wp-json\/wp\/v2\/tags?post=25797"}],"curies":[{"name":"wp","href":"https:\/\/api.w.org\/{rel}","templated":true}]}}